{"id":1363,"date":"2016-08-21T17:25:49","date_gmt":"2016-08-21T14:25:49","guid":{"rendered":"https:\/\/manageri.fi\/jykeli3\/2016\/08\/21\/jyvaskylan-keilailuliitto-ry-60-vuotta\/"},"modified":"2016-08-21T17:25:49","modified_gmt":"2016-08-21T14:25:49","slug":"jyvaskylan-keilailuliitto-ry-60-vuotta","status":"publish","type":"post","link":"https:\/\/www.jyvaskylankeilailuliitto.net\/jykeli\/?p=1363","title":{"rendered":"Jyv\u00e4skyl\u00e4n keilailuliitto ry 60 vuotta"},"content":{"rendered":"<p>Jyv\u00e4skyl\u00e4n Keilailuliiton t\u00e4ytt\u00e4ess\u00e4 60-vuotta, kutsumme Teid\u00e4t juhlimaan kanssamme. HUOM! ilmoittautumisaikaa jatkettu 2.9. klo 15 saakka. Lue lis\u00e4\u00e4 <a href=\"https:\/\/manageri.fi\/jykeli3\/wp-content\/uploads\/2016\/08\/.._ksranking_wp-content_uploads_2016_08_keilaliitto60_juliste.pdf\" target=\"_blank\">t\u00e4\u00e4lt\u00e4<\/a><\/p>\n","protected":false},"excerpt":{"rendered":"<p>Jyv\u00e4skyl\u00e4n Keilailuliiton t\u00e4ytt\u00e4ess\u00e4 60-vuotta, kutsumme Teid\u00e4t juhlimaan kanssamme. HUOM! ilmoittautumisaikaa jatkettu 2.9. klo 15 saakka. Lue lis\u00e4\u00e4 t\u00e4\u00e4lt\u00e4<\/p>\n","protected":false},"author":3,"featured_media":0,"comment_status":"open","ping_status":"open","sticky":false,"template":"","format":"standard","meta":{"_bbp_topic_count":0,"_bbp_reply_count":0,"_bbp_total_topic_count":0,"_bbp_total_reply_count":0,"_bbp_voice_count":0,"_bbp_anonymous_reply_count":0,"_bbp_topic_count_hidden":0,"_bbp_reply_count_hidden":0,"_bbp_forum_subforum_count":0,"footnotes":""},"categories":[1],"tags":[],"class_list":{"0":"post-1363","1":"post","2":"type-post","3":"status-publish","4":"format-standard","6":"category-yleinen","7":"czr-hentry"},"_links":{"self":[{"href":"https:\/\/www.jyvaskylankeilailuliitto.net\/jykeli\/index.php?rest_route=\/wp\/v2\/posts\/1363","targetHints":{"allow":["GET"]}}],"collection":[{"href":"https:\/\/www.jyvaskylankeilailuliitto.net\/jykeli\/index.php?rest_route=\/wp\/v2\/posts"}],"about":[{"href":"https:\/\/www.jyvaskylankeilailuliitto.net\/jykeli\/index.php?rest_route=\/wp\/v2\/types\/post"}],"author":[{"embeddable":true,"href":"https:\/\/www.jyvaskylankeilailuliitto.net\/jykeli\/index.php?rest_route=\/wp\/v2\/users\/3"}],"replies":[{"embeddable":true,"href":"https:\/\/www.jyvaskylankeilailuliitto.net\/jykeli\/index.php?rest_route=%2Fwp%2Fv2%2Fcomments&post=1363"}],"version-history":[{"count":0,"href":"https:\/\/www.jyvaskylankeilailuliitto.net\/jykeli\/index.php?rest_route=\/wp\/v2\/posts\/1363\/revisions"}],"wp:attachment":[{"href":"https:\/\/www.jyvaskylankeilailuliitto.net\/jykeli\/index.php?rest_route=%2Fwp%2Fv2%2Fmedia&parent=1363"}],"wp:term":[{"taxonomy":"category","embeddable":true,"href":"https:\/\/www.jyvaskylankeilailuliitto.net\/jykeli\/index.php?rest_route=%2Fwp%2Fv2%2Fcategories&post=1363"},{"taxonomy":"post_tag","embeddable":true,"href":"https:\/\/www.jyvaskylankeilailuliitto.net\/jykeli\/index.php?rest_route=%2Fwp%2Fv2%2Ftags&post=1363"}],"curies":[{"name":"wp","href":"https:\/\/api.w.org\/{rel}","templated":true}]}}